{"id":117,"date":"2023-10-08T15:46:49","date_gmt":"2023-10-08T15:46:49","guid":{"rendered":"https:\/\/cafarcol.com.co\/?p=117"},"modified":"2025-08-04T23:07:33","modified_gmt":"2025-08-04T23:07:33","slug":"una-alianza-transformadora-cfc-cafarcol-y-la-confederacion-cauchera-de-colombia-unen-fuerzas","status":"publish","type":"post","link":"https:\/\/cafarcol.com.co\/es_co\/una-alianza-transformadora-cfc-cafarcol-y-la-confederacion-cauchera-de-colombia-unen-fuerzas\/","title":{"rendered":"Una Alianza Transformadora: CFC CAFARCOL y la Confederaci\u00f3n Cauchera de Colombia Unen Fuerzas"},"content":{"rendered":"\t\t<div data-elementor-type=\"wp-post\" data-elementor-id=\"117\" class=\"elementor elementor-117\" data-elementor-post-type=\"post\">\n\t\t\t\t\t\t<section class=\"elementor-section elementor-top-section elementor-element elementor-element-4262edf elementor-section-boxed elementor-section-height-default elementor-section-height-default\" data-id=\"4262edf\" data-element_type=\"section\" data-e-type=\"section\">\n\t\t\t\t\t\t<div class=\"elementor-container elementor-column-gap-default\">\n\t\t\t\t\t<div class=\"elementor-column elementor-col-100 elementor-top-column elementor-element elementor-element-7b0b73d\" data-id=\"7b0b73d\" data-element_type=\"column\" data-e-type=\"column\">\n\t\t\t<div class=\"elementor-widget-wrap elementor-element-populated\">\n\t\t\t\t\t\t<div class=\"elementor-element elementor-element-4380d3c elementor-widget elementor-widget-heading\" data-id=\"4380d3c\" data-element_type=\"widget\" data-e-type=\"widget\" data-widget_type=\"heading.default\">\n\t\t\t\t<div class=\"elementor-widget-container\">\n\t\t\t\t\t<h2 class=\"elementor-heading-title elementor-size-default\">Una Alianza Transformadora: CFC CAFARCOL y la Confederaci\u00f3n Cauchera de Colombia Unen Fuerzas<\/h2>\t\t\t\t<\/div>\n\t\t\t\t<\/div>\n\t\t\t\t\t<\/div>\n\t\t<\/div>\n\t\t\t\t\t<\/div>\n\t\t<\/section>\n\t\t\t\t<section class=\"elementor-section elementor-top-section elementor-element elementor-element-5ad2a1d elementor-section-full_width elementor-section-height-min-height elementor-section-height-default elementor-section-items-middle\" data-id=\"5ad2a1d\" data-element_type=\"section\" data-e-type=\"section\">\n\t\t\t\t\t\t<div class=\"elementor-container elementor-column-gap-no\">\n\t\t\t\t\t<div class=\"elementor-column elementor-col-100 elementor-top-column elementor-element elementor-element-14cef7b\" data-id=\"14cef7b\" data-element_type=\"column\" data-e-type=\"column\">\n\t\t\t<div class=\"elementor-widget-wrap elementor-element-populated\">\n\t\t\t\t\t\t<div class=\"elementor-element elementor-element-303ae24 elementor-widget elementor-widget-image\" data-id=\"303ae24\" data-element_type=\"widget\" data-e-type=\"widget\" data-widget_type=\"image.default\">\n\t\t\t\t<div class=\"elementor-widget-container\">\n\t\t\t\t\t\t\t\t\t\t\t\t\t\t\t<img fetchpriority=\"high\" decoding=\"async\" width=\"1920\" height=\"1080\" src=\"https:\/\/cafarcol.com.co\/wp-content\/uploads\/2023\/10\/Lorem-ipsum-dolor-sit-amet-consectetur-adipiscing-elit-sed-do-eiusmod-tempor-incididunt.-8.png\" class=\"attachment-full size-full wp-image-163\" alt=\"\" srcset=\"https:\/\/cafarcol.com.co\/wp-content\/uploads\/2023\/10\/Lorem-ipsum-dolor-sit-amet-consectetur-adipiscing-elit-sed-do-eiusmod-tempor-incididunt.-8.png 1920w, https:\/\/cafarcol.com.co\/wp-content\/uploads\/2023\/10\/Lorem-ipsum-dolor-sit-amet-consectetur-adipiscing-elit-sed-do-eiusmod-tempor-incididunt.-8-300x169.png 300w, https:\/\/cafarcol.com.co\/wp-content\/uploads\/2023\/10\/Lorem-ipsum-dolor-sit-amet-consectetur-adipiscing-elit-sed-do-eiusmod-tempor-incididunt.-8-1024x576.png 1024w, https:\/\/cafarcol.com.co\/wp-content\/uploads\/2023\/10\/Lorem-ipsum-dolor-sit-amet-consectetur-adipiscing-elit-sed-do-eiusmod-tempor-incididunt.-8-768x432.png 768w, https:\/\/cafarcol.com.co\/wp-content\/uploads\/2023\/10\/Lorem-ipsum-dolor-sit-amet-consectetur-adipiscing-elit-sed-do-eiusmod-tempor-incididunt.-8-1536x864.png 1536w\" sizes=\"(max-width: 1920px) 100vw, 1920px\" \/>\t\t\t\t\t\t\t\t\t\t\t\t\t\t\t<\/div>\n\t\t\t\t<\/div>\n\t\t\t\t\t<\/div>\n\t\t<\/div>\n\t\t\t\t\t<\/div>\n\t\t<\/section>\n\t\t\t\t<section class=\"elementor-section elementor-top-section elementor-element elementor-element-ada0db9 elementor-section-full_width elementor-section-height-min-height elementor-section-height-default elementor-section-items-middle\" data-id=\"ada0db9\" data-element_type=\"section\" data-e-type=\"section\">\n\t\t\t\t\t\t<div class=\"elementor-container elementor-column-gap-no\">\n\t\t\t\t\t<div class=\"elementor-column elementor-col-100 elementor-top-column elementor-element elementor-element-7808e23\" data-id=\"7808e23\" data-element_type=\"column\" data-e-type=\"column\">\n\t\t\t<div class=\"elementor-widget-wrap elementor-element-populated\">\n\t\t\t\t\t\t<div class=\"elementor-element elementor-element-69a1eac elementor-widget elementor-widget-text-editor\" data-id=\"69a1eac\" data-element_type=\"widget\" data-e-type=\"widget\" data-widget_type=\"text-editor.default\">\n\t\t\t\t<div class=\"elementor-widget-container\">\n\t\t\t\t\t\t\t\t\t<p>En una visita a las instalaciones de CFC se explor\u00f3 la s\u00f3lida colaboraci\u00f3n entre ambas entidades, que tiene un impacto directo en la protecci\u00f3n de nuestros bosques y en la transformaci\u00f3n de la industria del caucho en Colombia.<\/p>\t\t\t\t\t\t\t\t<\/div>\n\t\t\t\t<\/div>\n\t\t\t\t<div class=\"elementor-element elementor-element-ceaf2a8 elementor-widget elementor-widget-heading\" data-id=\"ceaf2a8\" data-element_type=\"widget\" data-e-type=\"widget\" data-widget_type=\"heading.default\">\n\t\t\t\t<div class=\"elementor-widget-container\">\n\t\t\t\t\t<h2 class=\"elementor-heading-title elementor-size-default\">Liderazgo en Soluciones de Empaque en Caucho Natural<\/h2>\t\t\t\t<\/div>\n\t\t\t\t<\/div>\n\t\t\t\t<div class=\"elementor-element elementor-element-1d3bef2 elementor-widget elementor-widget-text-editor\" data-id=\"1d3bef2\" data-element_type=\"widget\" data-e-type=\"widget\" data-widget_type=\"text-editor.default\">\n\t\t\t\t<div class=\"elementor-widget-container\">\n\t\t\t\t\t\t\t\t\t<p>Adem\u00e1s de su impacto social y ambiental, lidera la industria al crear soluciones de empaque innovadoras en Caucho Natural. Estas soluciones, dise\u00f1adas para los sectores farmac\u00e9utico, alimenticio, cosm\u00e9tico e industrial, no solo son ejemplos de calidad y durabilidad, sino que tambi\u00e9n demuestran el compromiso de la empresa con la innovaci\u00f3n y la excelencia en el sector.<\/p><p>Desde CFC, extendemos nuestro sincero agradecimiento a <strong>la Confederaci\u00f3n Cauchera de Colombia<\/strong> por su compromiso y colaboraci\u00f3n continuo. Esta enriquecedora experiencia no solo fortalece nuestra industria, sino que tambi\u00e9n resalta el poder de las alianzas para crear un futuro m\u00e1s sostenible y pr\u00f3spero para todos.<\/p>\t\t\t\t\t\t\t\t<\/div>\n\t\t\t\t<\/div>\n\t\t\t\t\t<\/div>\n\t\t<\/div>\n\t\t\t\t\t<\/div>\n\t\t<\/section>\n\t\t\t\t<section class=\"elementor-section elementor-top-section elementor-element elementor-element-bcb664c elementor-section-boxed elementor-section-height-default elementor-section-height-default\" data-id=\"bcb664c\" data-element_type=\"section\" data-e-type=\"section\">\n\t\t\t\t\t\t<div class=\"elementor-container elementor-column-gap-default\">\n\t\t\t\t\t<div class=\"elementor-column elementor-col-100 elementor-top-column elementor-element elementor-element-509edae\" data-id=\"509edae\" data-element_type=\"column\" data-e-type=\"column\">\n\t\t\t<div class=\"elementor-widget-wrap elementor-element-populated\">\n\t\t\t\t\t\t<div class=\"elementor-element elementor-element-26c8f49 elementor-widget elementor-widget-spacer\" data-id=\"26c8f49\" data-element_type=\"widget\" data-e-type=\"widget\" data-widget_type=\"spacer.default\">\n\t\t\t\t<div class=\"elementor-widget-container\">\n\t\t\t\t\t\t\t<div class=\"elementor-spacer\">\n\t\t\t<div class=\"elementor-spacer-inner\"><\/div>\n\t\t<\/div>\n\t\t\t\t\t\t<\/div>\n\t\t\t\t<\/div>\n\t\t\t\t\t<\/div>\n\t\t<\/div>\n\t\t\t\t\t<\/div>\n\t\t<\/section>\n\t\t\t\t<\/div>\n\t\t","protected":false},"excerpt":{"rendered":"<p>Una Alianza Transformadora: CFC CAFARCOL y la Confederaci\u00f3n Cauchera de Colombia Unen Fuerzas En una visita a las instalaciones de CFC se explor\u00f3 la s\u00f3lida colaboraci\u00f3n entre ambas entidades, que tiene un impacto directo en la protecci\u00f3n de nuestros bosques y en la transformaci\u00f3n de la industria del caucho en Colombia. Liderazgo en Soluciones de [&hellip;]<\/p>\n","protected":false},"author":1,"featured_media":163,"comment_status":"closed","ping_status":"closed","sticky":false,"template":"","format":"standard","meta":{"footnotes":""},"categories":[1],"tags":[],"class_list":["post-117","post","type-post","status-publish","format-standard","has-post-thumbnail","hentry","category-blog"],"aioseo_notices":[],"_links":{"self":[{"href":"https:\/\/cafarcol.com.co\/es_co\/wp-json\/wp\/v2\/posts\/117","targetHints":{"allow":["GET"]}}],"collection":[{"href":"https:\/\/cafarcol.com.co\/es_co\/wp-json\/wp\/v2\/posts"}],"about":[{"href":"https:\/\/cafarcol.com.co\/es_co\/wp-json\/wp\/v2\/types\/post"}],"author":[{"embeddable":true,"href":"https:\/\/cafarcol.com.co\/es_co\/wp-json\/wp\/v2\/users\/1"}],"replies":[{"embeddable":true,"href":"https:\/\/cafarcol.com.co\/es_co\/wp-json\/wp\/v2\/comments?post=117"}],"version-history":[{"count":39,"href":"https:\/\/cafarcol.com.co\/es_co\/wp-json\/wp\/v2\/posts\/117\/revisions"}],"predecessor-version":[{"id":5112,"href":"https:\/\/cafarcol.com.co\/es_co\/wp-json\/wp\/v2\/posts\/117\/revisions\/5112"}],"wp:featuredmedia":[{"embeddable":true,"href":"https:\/\/cafarcol.com.co\/es_co\/wp-json\/wp\/v2\/media\/163"}],"wp:attachment":[{"href":"https:\/\/cafarcol.com.co\/es_co\/wp-json\/wp\/v2\/media?parent=117"}],"wp:term":[{"taxonomy":"category","embeddable":true,"href":"https:\/\/cafarcol.com.co\/es_co\/wp-json\/wp\/v2\/categories?post=117"},{"taxonomy":"post_tag","embeddable":true,"href":"https:\/\/cafarcol.com.co\/es_co\/wp-json\/wp\/v2\/tags?post=117"}],"curies":[{"name":"wp","href":"https:\/\/api.w.org\/{rel}","templated":true}]}}